{"id":2589,"date":"2019-11-01T15:06:26","date_gmt":"2019-11-01T14:06:26","guid":{"rendered":"https:\/\/osg-excello.com\/neue-profischleifmaschine-erweitert-unsere-kapazitaet\/"},"modified":"2021-05-18T10:35:21","modified_gmt":"2021-05-18T08:35:21","slug":"neue-profischleifmaschine-erweitert-unsere-kapazitaet","status":"publish","type":"post","link":"https:\/\/osg-excello.com\/es\/neue-profischleifmaschine-erweitert-unsere-kapazitaet\/","title":{"rendered":"La nueva m\u00e1quina de rectificado profesional ampl\u00eda nuestra capacidad de herramientas"},"content":{"rendered":"\n<style type=\"text\/css\" data-created_by=\"avia_inline_auto\" id=\"style-css-av-807no-33a4a38e5e0d5dea70cde682a9dc653a\">\n.flex_column.av-807no-33a4a38e5e0d5dea70cde682a9dc653a{\nborder-radius:0px 0px 0px 0px;\npadding:25px 0px 0px 0px;\n}\n<\/style>\n<div  class='flex_column av-807no-33a4a38e5e0d5dea70cde682a9dc653a av_one_full  avia-builder-el-0  el_before_av_hr  avia-builder-el-first  first flex_column_div  '     ><style type=\"text\/css\" data-created_by=\"avia_inline_auto\" id=\"style-css-av-k38s82ks-d479349c4651c2531b0cfa771c126ff1\">\n#top .av-special-heading.av-k38s82ks-d479349c4651c2531b0cfa771c126ff1{\npadding-bottom:10px;\n}\nbody .av-special-heading.av-k38s82ks-d479349c4651c2531b0cfa771c126ff1 .av-special-heading-tag .heading-char{\nfont-size:25px;\n}\n.av-special-heading.av-k38s82ks-d479349c4651c2531b0cfa771c126ff1 .av-subheading{\nfont-size:15px;\n}\n<\/style>\n<div  class='av-special-heading av-k38s82ks-d479349c4651c2531b0cfa771c126ff1 av-special-heading-h1 blockquote modern-quote modern-centered  avia-builder-el-1  avia-builder-el-no-sibling '><h1 class='av-special-heading-tag '  itemprop=\"headline\"  >La nueva m\u00e1quina de rectificado profesional ampl\u00eda nuestra capacidad de herramientas<\/h1><div class=\"special-heading-border\"><div class=\"special-heading-inner-border\"><\/div><\/div><\/div><\/div>\n<style type=\"text\/css\" data-created_by=\"avia_inline_auto\" id=\"style-css-av-k363cjsl-6c3a36cc1ad2d24930cc419f13ab6bc6\">\n#top .hr.av-k363cjsl-6c3a36cc1ad2d24930cc419f13ab6bc6{\nmargin-top:0px;\nmargin-bottom:30px;\n}\n.hr.av-k363cjsl-6c3a36cc1ad2d24930cc419f13ab6bc6 .hr-inner{\nwidth:30%;\nborder-color:#e8e8e8;\nmax-width:45%;\n}\n.hr.av-k363cjsl-6c3a36cc1ad2d24930cc419f13ab6bc6 .av-seperator-icon{\ncolor:#e8e8e8;\n}\n.hr.av-k363cjsl-6c3a36cc1ad2d24930cc419f13ab6bc6 .av-seperator-icon.avia-svg-icon svg:first-child{\nfill:#e8e8e8;\nstroke:#e8e8e8;\n}\n<\/style>\n<div  class='hr av-k363cjsl-6c3a36cc1ad2d24930cc419f13ab6bc6 hr-custom  avia-builder-el-2  el_after_av_one_full  el_before_av_section  avia-builder-el-last  hr-center hr-icon-yes'><span class='hr-inner inner-border-av-border-thin'><span class=\"hr-inner-style\"><\/span><\/span><span class='av-seperator-icon avia-iconfont avia-font-entypo-fontello' data-av_icon='\ue898' data-av_iconfont='entypo-fontello' ><\/span><span class='hr-inner inner-border-av-border-thin'><span class=\"hr-inner-style\"><\/span><\/span><\/div><\/p>\n<\/div><\/div><\/div><!-- close content main div --><\/div><\/div>\n<style type=\"text\/css\" data-created_by=\"avia_inline_auto\" id=\"style-css-av-k3647wxa-14f501a09e84162727fa6ec184c7a00c\">\n.avia-section.av-k3647wxa-14f501a09e84162727fa6ec184c7a00c{\nmargin-top:0px;\nmargin-bottom:100px;\n}\n<\/style>\n<div id='av_section_1'  class='avia-section av-k3647wxa-14f501a09e84162727fa6ec184c7a00c main_color avia-section-no-padding avia-no-border-styling  avia-builder-el-3  el_after_av_hr  el_before_av_one_full  avia-bg-style-scroll container_wrap sidebar_right'  ><div class='container av-section-cont-open' ><div class='template-page content  av-content-small alpha units'><div class='post-entry post-entry-type-page post-entry-2589'><div class='entry-content-wrapper clearfix'>\n\n<style type=\"text\/css\" data-created_by=\"avia_inline_auto\" id=\"style-css-av-58w48-b35c495f70f664723d0d11f4f839882f\">\n.flex_column.av-58w48-b35c495f70f664723d0d11f4f839882f{\nborder-radius:0px 0px 0px 0px;\npadding:0px 0px 0px 0px;\n}\n<\/style>\n<div  class='flex_column av-58w48-b35c495f70f664723d0d11f4f839882f av_two_third  avia-builder-el-4  el_before_av_one_third  avia-builder-el-first  first flex_column_div av-zero-column-padding  '     ><section  class='av_textblock_section av-k38pnqoq-a94545f06aef710d59bd8fb319adefb3 '   itemscope=\"itemscope\" itemtype=\"https:\/\/schema.org\/BlogPosting\" itemprop=\"blogPost\" ><div class='avia_textblock'  itemprop=\"text\" ><p>Una nueva rectificadora de perfiles CNC para la producci\u00f3n de herramientas OSG EX-CELL-O est\u00e1 ahora en funcionamiento. Despu\u00e9s de una fase de planificaci\u00f3n intensiva, hemos invertido en una nueva rectificadora CNC en 2018 para ampliar nuestra capacidad as\u00ed como nuestra flexibilidad en el rectificado de herramientas de alta precisi\u00f3n y de herramientas de mayor tama\u00f1o. Tras una corta fase de puesta en marcha, la m\u00e1quina pas\u00f3 la extremadamente exigente inspecci\u00f3n de calidad y fue inmediatamente entregada a la producci\u00f3n.<\/p>\n<\/div><\/section><\/div>\n<style type=\"text\/css\" data-created_by=\"avia_inline_auto\" id=\"style-css-av-2xr7s-4c1550c7543528ee2bad1862279fcaab\">\n.flex_column.av-2xr7s-4c1550c7543528ee2bad1862279fcaab{\nborder-radius:0px 0px 0px 0px;\npadding:0px 0px 0px 0px;\n}\n<\/style>\n<div  class='flex_column av-2xr7s-4c1550c7543528ee2bad1862279fcaab av_one_third  avia-builder-el-6  el_after_av_two_third  avia-builder-el-last  flex_column_div av-zero-column-padding  '     ><style type=\"text\/css\" data-created_by=\"avia_inline_auto\" id=\"style-css-av-k38sh1l3-c53aa2d788af5f686d0b459e99c6af50\">\n.avia-image-container.av-k38sh1l3-c53aa2d788af5f686d0b459e99c6af50 img.avia_image{\nbox-shadow:none;\n}\n.avia-image-container.av-k38sh1l3-c53aa2d788af5f686d0b459e99c6af50 .av-image-caption-overlay-center{\ncolor:#ffffff;\n}\n<\/style>\n<div  class='avia-image-container av-k38sh1l3-c53aa2d788af5f686d0b459e99c6af50 av-styling- av-hover-grow av-hide-overflow av-img-linked avia_animated_image av-animated-when-visible-95 right-to-left avia-align-center  avia-builder-el-7  avia-builder-el-no-sibling '   itemprop=\"image\" itemscope=\"itemscope\" itemtype=\"https:\/\/schema.org\/ImageObject\" ><div class=\"avia-image-container-inner\"><div class=\"avia-image-overlay-wrap\"><a href=\"https:\/\/osg-excello.com\/wp-content\/uploads\/2019\/11\/news_profilschleifmaschine-1024x768.jpg\" data-srcset=\"https:\/\/osg-excello.com\/wp-content\/uploads\/2019\/11\/news_profilschleifmaschine-1024x768.jpg 1024w, https:\/\/osg-excello.com\/wp-content\/uploads\/2019\/11\/news_profilschleifmaschine-300x225.jpg 300w, https:\/\/osg-excello.com\/wp-content\/uploads\/2019\/11\/news_profilschleifmaschine-768x576.jpg 768w, https:\/\/osg-excello.com\/wp-content\/uploads\/2019\/11\/news_profilschleifmaschine-705x529.jpg 705w, https:\/\/osg-excello.com\/wp-content\/uploads\/2019\/11\/news_profilschleifmaschine.jpg 1280w\" data-sizes=\"(max-width: 1024px) 100vw, 1024px\" class='avia_image '  aria-label='news_profilschleifmaschine'><img decoding=\"async\" fetchpriority=\"high\" class='wp-image-2590 avia-img-lazy-loading-not-2590 avia_image ' src=\"https:\/\/osg-excello.com\/wp-content\/uploads\/2019\/11\/news_profilschleifmaschine-495x400.jpg\" alt='Profilschleifmaschine' title='news_profilschleifmaschine'  height=\"400\" width=\"495\"  itemprop=\"thumbnailUrl\" srcset=\"https:\/\/osg-excello.com\/wp-content\/uploads\/2019\/11\/news_profilschleifmaschine-495x400.jpg 495w, https:\/\/osg-excello.com\/wp-content\/uploads\/2019\/11\/news_profilschleifmaschine-845x684.jpg 845w\" sizes=\"(max-width: 495px) 100vw, 495px\" \/><\/a><\/div><\/div><\/div><\/div><\/div><\/div><\/div><!-- close content main div --><\/div><\/div><div id='after_section_1'  class='main_color av_default_container_wrap container_wrap sidebar_right'  ><div class='container av-section-cont-open' ><div class='template-page content  av-content-small alpha units'><div class='post-entry post-entry-type-page post-entry-2589'><div class='entry-content-wrapper clearfix'>\n<style type=\"text\/css\" data-created_by=\"avia_inline_auto\" id=\"style-css-av-807no-6db6ce2645815256d45674f8417e6f9e\">\n#top .flex_column.av-807no-6db6ce2645815256d45674f8417e6f9e{\nmargin-top:0px;\nmargin-bottom:0px;\n}\n.flex_column.av-807no-6db6ce2645815256d45674f8417e6f9e{\nborder-radius:0px 0px 0px 0px;\npadding:0px 0px 50px 0px;\n}\n.responsive #top #wrap_all .flex_column.av-807no-6db6ce2645815256d45674f8417e6f9e{\nmargin-top:0px;\nmargin-bottom:0px;\n}\n<\/style>\n<div  class='flex_column av-807no-6db6ce2645815256d45674f8417e6f9e av_one_full  avia-builder-el-8  el_after_av_section  avia-builder-el-no-sibling  first flex_column_div  '     ><div  class='avia-button-wrap av-k38r46yn-aafcf16e61f22ee397747f89688aabe1-wrap avia-button-left  avia-builder-el-9  avia-builder-el-no-sibling '><a href='https:\/\/osg-excello.com\/unternehmen-2\/news\/'  class='avia-button av-k38r46yn-aafcf16e61f22ee397747f89688aabe1 av-link-btn avia-icon_select-yes-left-icon avia-size-medium avia-position-left avia-color-theme-color'   aria-label=\"atr\u00e1s\"><span class='avia_button_icon avia_button_icon_left avia-iconfont avia-font-entypo-fontello' data-av_icon='\ue830' data-av_iconfont='entypo-fontello' ><\/span><span class='avia_iconbox_title' >atr\u00e1s<\/span><\/a><\/div><\/div><\/p>\n","protected":false},"excerpt":{"rendered":"<p>Una nueva rectificadora de perfiles CNC para la producci\u00f3n de herramientas OSG EX-CELL-O est\u00e1 ahora en funcionamiento. Despu\u00e9s de una fase de planificaci\u00f3n intensiva, hemos invertido en una nueva rectificadora CNC en 2018 para ampliar nuestra capacidad as\u00ed como nuestra flexibilidad en el rectificado de herramientas de alta precisi\u00f3n y de herramientas de mayor tama\u00f1o. Tras una corta fase de puesta en marcha, la m\u00e1quina pas\u00f3 la extremadamente exigente inspecci\u00f3n de calidad y fue inmediatamente entregada a la producci\u00f3n. <\/p>\n","protected":false},"author":1,"featured_media":2590,"comment_status":"closed","ping_status":"closed","sticky":false,"template":"","format":"standard","meta":{"footnotes":""},"categories":[88],"tags":[],"class_list":["post-2589","post","type-post","status-publish","format-standard","has-post-thumbnail","hentry","category-2019-es"],"yoast_head":"<!-- This site is optimized with the Yoast SEO plugin v27.2 - https:\/\/yoast.com\/product\/yoast-seo-wordpress\/ -->\n<title>La nueva m\u00e1quina de rectificado profesional ampl\u00eda nuestra capacidad de herramientas - OSG Ex-Cell-O<\/title>\n<meta name=\"robots\" content=\"index, follow, max-snippet:-1, max-image-preview:large, max-video-preview:-1\" \/>\n<link rel=\"canonical\" href=\"https:\/\/osg-excello.com\/es\/neue-profischleifmaschine-erweitert-unsere-kapazitaet\/\" \/>\n<meta property=\"og:locale\" content=\"es_ES\" \/>\n<meta property=\"og:type\" content=\"article\" \/>\n<meta property=\"og:title\" content=\"La nueva m\u00e1quina de rectificado profesional ampl\u00eda nuestra capacidad de herramientas - OSG Ex-Cell-O\" \/>\n<meta property=\"og:description\" content=\"Una nueva rectificadora de perfiles CNC para la producci\u00f3n de herramientas OSG EX-CELL-O est\u00e1 ahora en funcionamiento. Despu\u00e9s de una fase de planificaci\u00f3n intensiva, hemos invertido en una nueva rectificadora CNC en 2018 para ampliar nuestra capacidad as\u00ed como nuestra flexibilidad en el rectificado de herramientas de alta precisi\u00f3n y de herramientas de mayor tama\u00f1o. Tras una corta fase de puesta en marcha, la m\u00e1quina pas\u00f3 la extremadamente exigente inspecci\u00f3n de calidad y fue inmediatamente entregada a la producci\u00f3n.\" \/>\n<meta property=\"og:url\" content=\"https:\/\/osg-excello.com\/es\/neue-profischleifmaschine-erweitert-unsere-kapazitaet\/\" \/>\n<meta property=\"og:site_name\" content=\"OSG Ex-Cell-O\" \/>\n<meta property=\"article:published_time\" content=\"2019-11-01T14:06:26+00:00\" \/>\n<meta property=\"article:modified_time\" content=\"2021-05-18T08:35:21+00:00\" \/>\n<meta property=\"og:image\" content=\"https:\/\/osg-excello.com\/wp-content\/uploads\/2019\/11\/news_profilschleifmaschine.jpg\" \/>\n\t<meta property=\"og:image:width\" content=\"1280\" \/>\n\t<meta property=\"og:image:height\" content=\"960\" \/>\n\t<meta property=\"og:image:type\" content=\"image\/jpeg\" \/>\n<meta name=\"author\" content=\"mockos\" \/>\n<meta name=\"twitter:card\" content=\"summary_large_image\" \/>\n<meta name=\"twitter:label1\" content=\"Escrito por\" \/>\n\t<meta name=\"twitter:data1\" content=\"mockos\" \/>\n\t<meta name=\"twitter:label2\" content=\"Tiempo de lectura\" \/>\n\t<meta name=\"twitter:data2\" content=\"5 minutos\" \/>\n<script type=\"application\/ld+json\" class=\"yoast-schema-graph\">{\"@context\":\"https:\/\/schema.org\",\"@graph\":[{\"@type\":\"Article\",\"@id\":\"https:\/\/osg-excello.com\/es\/neue-profischleifmaschine-erweitert-unsere-kapazitaet\/#article\",\"isPartOf\":{\"@id\":\"https:\/\/osg-excello.com\/es\/neue-profischleifmaschine-erweitert-unsere-kapazitaet\/\"},\"author\":{\"name\":\"mockos\",\"@id\":\"https:\/\/osg-excello.com\/es\/#\/schema\/person\/091afa6dd352f5ab9de39ef4974c650d\"},\"headline\":\"La nueva m\u00e1quina de rectificado profesional ampl\u00eda nuestra capacidad de herramientas\",\"datePublished\":\"2019-11-01T14:06:26+00:00\",\"dateModified\":\"2021-05-18T08:35:21+00:00\",\"mainEntityOfPage\":{\"@id\":\"https:\/\/osg-excello.com\/es\/neue-profischleifmaschine-erweitert-unsere-kapazitaet\/\"},\"wordCount\":1017,\"publisher\":{\"@id\":\"https:\/\/osg-excello.com\/es\/#organization\"},\"image\":{\"@id\":\"https:\/\/osg-excello.com\/es\/neue-profischleifmaschine-erweitert-unsere-kapazitaet\/#primaryimage\"},\"thumbnailUrl\":\"https:\/\/osg-excello.com\/wp-content\/uploads\/2019\/11\/news_profilschleifmaschine.jpg\",\"articleSection\":[\"2019\"],\"inLanguage\":\"es\"},{\"@type\":\"WebPage\",\"@id\":\"https:\/\/osg-excello.com\/es\/neue-profischleifmaschine-erweitert-unsere-kapazitaet\/\",\"url\":\"https:\/\/osg-excello.com\/es\/neue-profischleifmaschine-erweitert-unsere-kapazitaet\/\",\"name\":\"La nueva m\u00e1quina de rectificado profesional ampl\u00eda nuestra capacidad de herramientas - OSG Ex-Cell-O\",\"isPartOf\":{\"@id\":\"https:\/\/osg-excello.com\/es\/#website\"},\"primaryImageOfPage\":{\"@id\":\"https:\/\/osg-excello.com\/es\/neue-profischleifmaschine-erweitert-unsere-kapazitaet\/#primaryimage\"},\"image\":{\"@id\":\"https:\/\/osg-excello.com\/es\/neue-profischleifmaschine-erweitert-unsere-kapazitaet\/#primaryimage\"},\"thumbnailUrl\":\"https:\/\/osg-excello.com\/wp-content\/uploads\/2019\/11\/news_profilschleifmaschine.jpg\",\"datePublished\":\"2019-11-01T14:06:26+00:00\",\"dateModified\":\"2021-05-18T08:35:21+00:00\",\"breadcrumb\":{\"@id\":\"https:\/\/osg-excello.com\/es\/neue-profischleifmaschine-erweitert-unsere-kapazitaet\/#breadcrumb\"},\"inLanguage\":\"es\",\"potentialAction\":[{\"@type\":\"ReadAction\",\"target\":[\"https:\/\/osg-excello.com\/es\/neue-profischleifmaschine-erweitert-unsere-kapazitaet\/\"]}]},{\"@type\":\"ImageObject\",\"inLanguage\":\"es\",\"@id\":\"https:\/\/osg-excello.com\/es\/neue-profischleifmaschine-erweitert-unsere-kapazitaet\/#primaryimage\",\"url\":\"https:\/\/osg-excello.com\/wp-content\/uploads\/2019\/11\/news_profilschleifmaschine.jpg\",\"contentUrl\":\"https:\/\/osg-excello.com\/wp-content\/uploads\/2019\/11\/news_profilschleifmaschine.jpg\",\"width\":1280,\"height\":960,\"caption\":\"Profilschleifmaschine\"},{\"@type\":\"BreadcrumbList\",\"@id\":\"https:\/\/osg-excello.com\/es\/neue-profischleifmaschine-erweitert-unsere-kapazitaet\/#breadcrumb\",\"itemListElement\":[{\"@type\":\"ListItem\",\"position\":1,\"name\":\"Startseite\",\"item\":\"https:\/\/osg-excello.com\/es\/\"},{\"@type\":\"ListItem\",\"position\":2,\"name\":\"La nueva m\u00e1quina de rectificado profesional ampl\u00eda nuestra capacidad de herramientas\"}]},{\"@type\":\"WebSite\",\"@id\":\"https:\/\/osg-excello.com\/es\/#website\",\"url\":\"https:\/\/osg-excello.com\/es\/\",\"name\":\"OSG Ex-Cell-O\",\"description\":\"\",\"publisher\":{\"@id\":\"https:\/\/osg-excello.com\/es\/#organization\"},\"potentialAction\":[{\"@type\":\"SearchAction\",\"target\":{\"@type\":\"EntryPoint\",\"urlTemplate\":\"https:\/\/osg-excello.com\/es\/?s={search_term_string}\"},\"query-input\":{\"@type\":\"PropertyValueSpecification\",\"valueRequired\":true,\"valueName\":\"search_term_string\"}}],\"inLanguage\":\"es\"},{\"@type\":\"Organization\",\"@id\":\"https:\/\/osg-excello.com\/es\/#organization\",\"name\":\"OSG Ex-Cell-O GmbH\",\"url\":\"https:\/\/osg-excello.com\/es\/\",\"logo\":{\"@type\":\"ImageObject\",\"inLanguage\":\"es\",\"@id\":\"https:\/\/osg-excello.com\/es\/#\/schema\/logo\/image\/\",\"url\":\"https:\/\/osg-excello.com\/wp-content\/uploads\/2019\/11\/osg_excello_logo_final-2.png\",\"contentUrl\":\"https:\/\/osg-excello.com\/wp-content\/uploads\/2019\/11\/osg_excello_logo_final-2.png\",\"width\":514,\"height\":236,\"caption\":\"OSG Ex-Cell-O GmbH\"},\"image\":{\"@id\":\"https:\/\/osg-excello.com\/es\/#\/schema\/logo\/image\/\"}},{\"@type\":\"Person\",\"@id\":\"https:\/\/osg-excello.com\/es\/#\/schema\/person\/091afa6dd352f5ab9de39ef4974c650d\",\"name\":\"mockos\",\"image\":{\"@type\":\"ImageObject\",\"inLanguage\":\"es\",\"@id\":\"https:\/\/secure.gravatar.com\/avatar\/c9c8dd87c22be93ad22f4e54ba8e6767b095e45f9fc4d03514bea067cddbc3cd?s=96&d=mm&r=g\",\"url\":\"https:\/\/secure.gravatar.com\/avatar\/c9c8dd87c22be93ad22f4e54ba8e6767b095e45f9fc4d03514bea067cddbc3cd?s=96&d=mm&r=g\",\"contentUrl\":\"https:\/\/secure.gravatar.com\/avatar\/c9c8dd87c22be93ad22f4e54ba8e6767b095e45f9fc4d03514bea067cddbc3cd?s=96&d=mm&r=g\",\"caption\":\"mockos\"},\"url\":\"https:\/\/osg-excello.com\/es\/author\/mockos\/\"}]}<\/script>\n<!-- \/ Yoast SEO plugin. -->","yoast_head_json":{"title":"La nueva m\u00e1quina de rectificado profesional ampl\u00eda nuestra capacidad de herramientas - OSG Ex-Cell-O","robots":{"index":"index","follow":"follow","max-snippet":"max-snippet:-1","max-image-preview":"max-image-preview:large","max-video-preview":"max-video-preview:-1"},"canonical":"https:\/\/osg-excello.com\/es\/neue-profischleifmaschine-erweitert-unsere-kapazitaet\/","og_locale":"es_ES","og_type":"article","og_title":"La nueva m\u00e1quina de rectificado profesional ampl\u00eda nuestra capacidad de herramientas - OSG Ex-Cell-O","og_description":"Una nueva rectificadora de perfiles CNC para la producci\u00f3n de herramientas OSG EX-CELL-O est\u00e1 ahora en funcionamiento. Despu\u00e9s de una fase de planificaci\u00f3n intensiva, hemos invertido en una nueva rectificadora CNC en 2018 para ampliar nuestra capacidad as\u00ed como nuestra flexibilidad en el rectificado de herramientas de alta precisi\u00f3n y de herramientas de mayor tama\u00f1o. Tras una corta fase de puesta en marcha, la m\u00e1quina pas\u00f3 la extremadamente exigente inspecci\u00f3n de calidad y fue inmediatamente entregada a la producci\u00f3n.","og_url":"https:\/\/osg-excello.com\/es\/neue-profischleifmaschine-erweitert-unsere-kapazitaet\/","og_site_name":"OSG Ex-Cell-O","article_published_time":"2019-11-01T14:06:26+00:00","article_modified_time":"2021-05-18T08:35:21+00:00","og_image":[{"width":1280,"height":960,"url":"https:\/\/osg-excello.com\/wp-content\/uploads\/2019\/11\/news_profilschleifmaschine.jpg","type":"image\/jpeg"}],"author":"mockos","twitter_card":"summary_large_image","twitter_misc":{"Escrito por":"mockos","Tiempo de lectura":"5 minutos"},"schema":{"@context":"https:\/\/schema.org","@graph":[{"@type":"Article","@id":"https:\/\/osg-excello.com\/es\/neue-profischleifmaschine-erweitert-unsere-kapazitaet\/#article","isPartOf":{"@id":"https:\/\/osg-excello.com\/es\/neue-profischleifmaschine-erweitert-unsere-kapazitaet\/"},"author":{"name":"mockos","@id":"https:\/\/osg-excello.com\/es\/#\/schema\/person\/091afa6dd352f5ab9de39ef4974c650d"},"headline":"La nueva m\u00e1quina de rectificado profesional ampl\u00eda nuestra capacidad de herramientas","datePublished":"2019-11-01T14:06:26+00:00","dateModified":"2021-05-18T08:35:21+00:00","mainEntityOfPage":{"@id":"https:\/\/osg-excello.com\/es\/neue-profischleifmaschine-erweitert-unsere-kapazitaet\/"},"wordCount":1017,"publisher":{"@id":"https:\/\/osg-excello.com\/es\/#organization"},"image":{"@id":"https:\/\/osg-excello.com\/es\/neue-profischleifmaschine-erweitert-unsere-kapazitaet\/#primaryimage"},"thumbnailUrl":"https:\/\/osg-excello.com\/wp-content\/uploads\/2019\/11\/news_profilschleifmaschine.jpg","articleSection":["2019"],"inLanguage":"es"},{"@type":"WebPage","@id":"https:\/\/osg-excello.com\/es\/neue-profischleifmaschine-erweitert-unsere-kapazitaet\/","url":"https:\/\/osg-excello.com\/es\/neue-profischleifmaschine-erweitert-unsere-kapazitaet\/","name":"La nueva m\u00e1quina de rectificado profesional ampl\u00eda nuestra capacidad de herramientas - OSG Ex-Cell-O","isPartOf":{"@id":"https:\/\/osg-excello.com\/es\/#website"},"primaryImageOfPage":{"@id":"https:\/\/osg-excello.com\/es\/neue-profischleifmaschine-erweitert-unsere-kapazitaet\/#primaryimage"},"image":{"@id":"https:\/\/osg-excello.com\/es\/neue-profischleifmaschine-erweitert-unsere-kapazitaet\/#primaryimage"},"thumbnailUrl":"https:\/\/osg-excello.com\/wp-content\/uploads\/2019\/11\/news_profilschleifmaschine.jpg","datePublished":"2019-11-01T14:06:26+00:00","dateModified":"2021-05-18T08:35:21+00:00","breadcrumb":{"@id":"https:\/\/osg-excello.com\/es\/neue-profischleifmaschine-erweitert-unsere-kapazitaet\/#breadcrumb"},"inLanguage":"es","potentialAction":[{"@type":"ReadAction","target":["https:\/\/osg-excello.com\/es\/neue-profischleifmaschine-erweitert-unsere-kapazitaet\/"]}]},{"@type":"ImageObject","inLanguage":"es","@id":"https:\/\/osg-excello.com\/es\/neue-profischleifmaschine-erweitert-unsere-kapazitaet\/#primaryimage","url":"https:\/\/osg-excello.com\/wp-content\/uploads\/2019\/11\/news_profilschleifmaschine.jpg","contentUrl":"https:\/\/osg-excello.com\/wp-content\/uploads\/2019\/11\/news_profilschleifmaschine.jpg","width":1280,"height":960,"caption":"Profilschleifmaschine"},{"@type":"BreadcrumbList","@id":"https:\/\/osg-excello.com\/es\/neue-profischleifmaschine-erweitert-unsere-kapazitaet\/#breadcrumb","itemListElement":[{"@type":"ListItem","position":1,"name":"Startseite","item":"https:\/\/osg-excello.com\/es\/"},{"@type":"ListItem","position":2,"name":"La nueva m\u00e1quina de rectificado profesional ampl\u00eda nuestra capacidad de herramientas"}]},{"@type":"WebSite","@id":"https:\/\/osg-excello.com\/es\/#website","url":"https:\/\/osg-excello.com\/es\/","name":"OSG Ex-Cell-O","description":"","publisher":{"@id":"https:\/\/osg-excello.com\/es\/#organization"},"potentialAction":[{"@type":"SearchAction","target":{"@type":"EntryPoint","urlTemplate":"https:\/\/osg-excello.com\/es\/?s={search_term_string}"},"query-input":{"@type":"PropertyValueSpecification","valueRequired":true,"valueName":"search_term_string"}}],"inLanguage":"es"},{"@type":"Organization","@id":"https:\/\/osg-excello.com\/es\/#organization","name":"OSG Ex-Cell-O GmbH","url":"https:\/\/osg-excello.com\/es\/","logo":{"@type":"ImageObject","inLanguage":"es","@id":"https:\/\/osg-excello.com\/es\/#\/schema\/logo\/image\/","url":"https:\/\/osg-excello.com\/wp-content\/uploads\/2019\/11\/osg_excello_logo_final-2.png","contentUrl":"https:\/\/osg-excello.com\/wp-content\/uploads\/2019\/11\/osg_excello_logo_final-2.png","width":514,"height":236,"caption":"OSG Ex-Cell-O GmbH"},"image":{"@id":"https:\/\/osg-excello.com\/es\/#\/schema\/logo\/image\/"}},{"@type":"Person","@id":"https:\/\/osg-excello.com\/es\/#\/schema\/person\/091afa6dd352f5ab9de39ef4974c650d","name":"mockos","image":{"@type":"ImageObject","inLanguage":"es","@id":"https:\/\/secure.gravatar.com\/avatar\/c9c8dd87c22be93ad22f4e54ba8e6767b095e45f9fc4d03514bea067cddbc3cd?s=96&d=mm&r=g","url":"https:\/\/secure.gravatar.com\/avatar\/c9c8dd87c22be93ad22f4e54ba8e6767b095e45f9fc4d03514bea067cddbc3cd?s=96&d=mm&r=g","contentUrl":"https:\/\/secure.gravatar.com\/avatar\/c9c8dd87c22be93ad22f4e54ba8e6767b095e45f9fc4d03514bea067cddbc3cd?s=96&d=mm&r=g","caption":"mockos"},"url":"https:\/\/osg-excello.com\/es\/author\/mockos\/"}]}},"_links":{"self":[{"href":"https:\/\/osg-excello.com\/es\/wp-json\/wp\/v2\/posts\/2589","targetHints":{"allow":["GET"]}}],"collection":[{"href":"https:\/\/osg-excello.com\/es\/wp-json\/wp\/v2\/posts"}],"about":[{"href":"https:\/\/osg-excello.com\/es\/wp-json\/wp\/v2\/types\/post"}],"author":[{"embeddable":true,"href":"https:\/\/osg-excello.com\/es\/wp-json\/wp\/v2\/users\/1"}],"replies":[{"embeddable":true,"href":"https:\/\/osg-excello.com\/es\/wp-json\/wp\/v2\/comments?post=2589"}],"version-history":[{"count":7,"href":"https:\/\/osg-excello.com\/es\/wp-json\/wp\/v2\/posts\/2589\/revisions"}],"predecessor-version":[{"id":3421,"href":"https:\/\/osg-excello.com\/es\/wp-json\/wp\/v2\/posts\/2589\/revisions\/3421"}],"wp:featuredmedia":[{"embeddable":true,"href":"https:\/\/osg-excello.com\/es\/wp-json\/wp\/v2\/media\/2590"}],"wp:attachment":[{"href":"https:\/\/osg-excello.com\/es\/wp-json\/wp\/v2\/media?parent=2589"}],"wp:term":[{"taxonomy":"category","embeddable":true,"href":"https:\/\/osg-excello.com\/es\/wp-json\/wp\/v2\/categories?post=2589"},{"taxonomy":"post_tag","embeddable":true,"href":"https:\/\/osg-excello.com\/es\/wp-json\/wp\/v2\/tags?post=2589"}],"curies":[{"name":"wp","href":"https:\/\/api.w.org\/{rel}","templated":true}]}}