{"id":2623,"date":"2019-11-01T15:06:26","date_gmt":"2019-11-01T14:06:26","guid":{"rendered":"https:\/\/osg-excello.com\/neue-profischleifmaschine-erweitert-unsere-kapazitaet\/"},"modified":"2021-05-18T10:20:51","modified_gmt":"2021-05-18T08:20:51","slug":"neue-profischleifmaschine-erweitert-unsere-kapazitaet","status":"publish","type":"post","link":"https:\/\/osg-excello.com\/hu\/neue-profischleifmaschine-erweitert-unsere-kapazitaet\/","title":{"rendered":"\u00daj professzion\u00e1lis csiszol\u00f3g\u00e9p b\u0151v\u00edti kapacit\u00e1sunkat"},"content":{"rendered":"\n<style type=\"text\/css\" data-created_by=\"avia_inline_auto\" id=\"style-css-av-807no-33a4a38e5e0d5dea70cde682a9dc653a\">\n.flex_column.av-807no-33a4a38e5e0d5dea70cde682a9dc653a{\nborder-radius:0px 0px 0px 0px;\npadding:25px 0px 0px 0px;\n}\n<\/style>\n<div  class='flex_column av-807no-33a4a38e5e0d5dea70cde682a9dc653a av_one_full  avia-builder-el-0  el_before_av_hr  avia-builder-el-first  first flex_column_div  '     ><style type=\"text\/css\" data-created_by=\"avia_inline_auto\" id=\"style-css-av-k38s82ks-da2022e4e5c3b9e3727b5819b1cbc37a\">\n#top .av-special-heading.av-k38s82ks-da2022e4e5c3b9e3727b5819b1cbc37a{\npadding-bottom:10px;\n}\nbody .av-special-heading.av-k38s82ks-da2022e4e5c3b9e3727b5819b1cbc37a .av-special-heading-tag .heading-char{\nfont-size:25px;\n}\n.av-special-heading.av-k38s82ks-da2022e4e5c3b9e3727b5819b1cbc37a .av-subheading{\nfont-size:15px;\n}\n<\/style>\n<div  class='av-special-heading av-k38s82ks-da2022e4e5c3b9e3727b5819b1cbc37a av-special-heading-h1 blockquote modern-quote modern-centered  avia-builder-el-1  avia-builder-el-no-sibling '><h1 class='av-special-heading-tag '  itemprop=\"headline\"  >\u00daj professzion\u00e1lis csiszol\u00f3g\u00e9p b\u0151v\u00edti kapacit\u00e1sunkat<\/h1><div class=\"special-heading-border\"><div class=\"special-heading-inner-border\"><\/div><\/div><\/div><\/div>\n<style type=\"text\/css\" data-created_by=\"avia_inline_auto\" id=\"style-css-av-k363cjsl-6c3a36cc1ad2d24930cc419f13ab6bc6\">\n#top .hr.av-k363cjsl-6c3a36cc1ad2d24930cc419f13ab6bc6{\nmargin-top:0px;\nmargin-bottom:30px;\n}\n.hr.av-k363cjsl-6c3a36cc1ad2d24930cc419f13ab6bc6 .hr-inner{\nwidth:30%;\nborder-color:#e8e8e8;\nmax-width:45%;\n}\n.hr.av-k363cjsl-6c3a36cc1ad2d24930cc419f13ab6bc6 .av-seperator-icon{\ncolor:#e8e8e8;\n}\n.hr.av-k363cjsl-6c3a36cc1ad2d24930cc419f13ab6bc6 .av-seperator-icon.avia-svg-icon svg:first-child{\nfill:#e8e8e8;\nstroke:#e8e8e8;\n}\n<\/style>\n<div  class='hr av-k363cjsl-6c3a36cc1ad2d24930cc419f13ab6bc6 hr-custom  avia-builder-el-2  el_after_av_one_full  el_before_av_section  avia-builder-el-last  hr-center hr-icon-yes'><span class='hr-inner inner-border-av-border-thin'><span class=\"hr-inner-style\"><\/span><\/span><span class='av-seperator-icon avia-iconfont avia-font-entypo-fontello' data-av_icon='\ue898' data-av_iconfont='entypo-fontello' ><\/span><span class='hr-inner inner-border-av-border-thin'><span class=\"hr-inner-style\"><\/span><\/span><\/div><\/p>\n<\/div><\/div><\/div><!-- close content main div --><\/div><\/div>\n<style type=\"text\/css\" data-created_by=\"avia_inline_auto\" id=\"style-css-av-k3647wxa-14f501a09e84162727fa6ec184c7a00c\">\n.avia-section.av-k3647wxa-14f501a09e84162727fa6ec184c7a00c{\nmargin-top:0px;\nmargin-bottom:100px;\n}\n<\/style>\n<div id='av_section_1'  class='avia-section av-k3647wxa-14f501a09e84162727fa6ec184c7a00c main_color avia-section-no-padding avia-no-border-styling  avia-builder-el-3  el_after_av_hr  el_before_av_one_full  avia-bg-style-scroll container_wrap sidebar_right'  ><div class='container av-section-cont-open' ><div class='template-page content  av-content-small alpha units'><div class='post-entry post-entry-type-page post-entry-2623'><div class='entry-content-wrapper clearfix'>\n\n<style type=\"text\/css\" data-created_by=\"avia_inline_auto\" id=\"style-css-av-58w48-b35c495f70f664723d0d11f4f839882f\">\n.flex_column.av-58w48-b35c495f70f664723d0d11f4f839882f{\nborder-radius:0px 0px 0px 0px;\npadding:0px 0px 0px 0px;\n}\n<\/style>\n<div  class='flex_column av-58w48-b35c495f70f664723d0d11f4f839882f av_two_third  avia-builder-el-4  el_before_av_one_third  avia-builder-el-first  first flex_column_div av-zero-column-padding  '     ><section  class='av_textblock_section av-k38pnqoq-a94545f06aef710d59bd8fb319adefb3 '   itemscope=\"itemscope\" itemtype=\"https:\/\/schema.org\/BlogPosting\" itemprop=\"blogPost\" ><div class='avia_textblock'  itemprop=\"text\" ><p>Az OSG EX-CELL-O szersz\u00e1mgy\u00e1rt\u00e1shoz egy \u00faj CNC fel\u00fclet- \u00e9s profilcsiszol\u00f3 g\u00e9pet \u00e1ll\u00edtottunk \u00fczembe. Intenz\u00edv tervez\u00e9si f\u00e1zist k\u00f6vet\u0151en 2018-ban egy \u00faj CNC-k\u00f6sz\u00f6r\u0171g\u00e9pbe fektett\u00fcnk be, hogy b\u0151v\u00edts\u00fck kapacit\u00e1sunkat \u00e9s rugalmass\u00e1gunkat a nagyobb g\u00f6rd\u00fcl\u0151 szersz\u00e1mok nagy pontoss\u00e1g\u00fa szersz\u00e1mk\u00f6sz\u00f6r\u00fcl\u00e9s\u00e9ben. R\u00f6vid \u00fczembe helyez\u00e9si f\u00e1zis ut\u00e1n a g\u00e9p \u00e1tment a rendk\u00edv\u00fcl szigor\u00fa min\u0151s\u00e9gellen\u0151rz\u00e9sen, majd k\u00f6zvetlen\u00fcl a gy\u00e1rt\u00e1sba ker\u00fclt.<\/p>\n<\/div><\/section><\/div>\n<style type=\"text\/css\" data-created_by=\"avia_inline_auto\" id=\"style-css-av-2xr7s-4c1550c7543528ee2bad1862279fcaab\">\n.flex_column.av-2xr7s-4c1550c7543528ee2bad1862279fcaab{\nborder-radius:0px 0px 0px 0px;\npadding:0px 0px 0px 0px;\n}\n<\/style>\n<div  class='flex_column av-2xr7s-4c1550c7543528ee2bad1862279fcaab av_one_third  avia-builder-el-6  el_after_av_two_third  avia-builder-el-last  flex_column_div av-zero-column-padding  '     ><style type=\"text\/css\" data-created_by=\"avia_inline_auto\" id=\"style-css-av-k38sh1l3-b30e4fa4594b0434708afafa53f65b17\">\n.avia-image-container.av-k38sh1l3-b30e4fa4594b0434708afafa53f65b17 img.avia_image{\nbox-shadow:none;\n}\n.avia-image-container.av-k38sh1l3-b30e4fa4594b0434708afafa53f65b17 .av-image-caption-overlay-center{\ncolor:#ffffff;\n}\n<\/style>\n<div  class='avia-image-container av-k38sh1l3-b30e4fa4594b0434708afafa53f65b17 av-styling- av-hover-grow av-hide-overflow av-img-linked avia_animated_image av-animated-when-visible-95 right-to-left avia-align-center  avia-builder-el-7  avia-builder-el-no-sibling '   itemprop=\"image\" itemscope=\"itemscope\" itemtype=\"https:\/\/schema.org\/ImageObject\" ><div class=\"avia-image-container-inner\"><div class=\"avia-image-overlay-wrap\"><a href=\"https:\/\/osg-excello.com\/wp-content\/uploads\/2019\/11\/news_profilschleifmaschine-1024x768.jpg\" data-srcset=\"https:\/\/osg-excello.com\/wp-content\/uploads\/2019\/11\/news_profilschleifmaschine-1024x768.jpg 1024w, https:\/\/osg-excello.com\/wp-content\/uploads\/2019\/11\/news_profilschleifmaschine-300x225.jpg 300w, https:\/\/osg-excello.com\/wp-content\/uploads\/2019\/11\/news_profilschleifmaschine-768x576.jpg 768w, https:\/\/osg-excello.com\/wp-content\/uploads\/2019\/11\/news_profilschleifmaschine-705x529.jpg 705w, https:\/\/osg-excello.com\/wp-content\/uploads\/2019\/11\/news_profilschleifmaschine.jpg 1280w\" data-sizes=\"(max-width: 1024px) 100vw, 1024px\" class='avia_image '  aria-label='news_profilschleifmaschine'><img decoding=\"async\" fetchpriority=\"high\" class='wp-image-2606 avia-img-lazy-loading-not-2606 avia_image ' src=\"https:\/\/osg-excello.com\/wp-content\/uploads\/2019\/11\/news_profilschleifmaschine-495x400.jpg\" alt='Profilschleifmaschine' title='news_profilschleifmaschine'  height=\"400\" width=\"495\"  itemprop=\"thumbnailUrl\" srcset=\"https:\/\/osg-excello.com\/wp-content\/uploads\/2019\/11\/news_profilschleifmaschine-495x400.jpg 495w, https:\/\/osg-excello.com\/wp-content\/uploads\/2019\/11\/news_profilschleifmaschine-845x684.jpg 845w\" sizes=\"(max-width: 495px) 100vw, 495px\" \/><\/a><\/div><\/div><\/div><\/div><\/div><\/div><\/div><!-- close content main div --><\/div><\/div><div id='after_section_1'  class='main_color av_default_container_wrap container_wrap sidebar_right'  ><div class='container av-section-cont-open' ><div class='template-page content  av-content-small alpha units'><div class='post-entry post-entry-type-page post-entry-2623'><div class='entry-content-wrapper clearfix'>\n<style type=\"text\/css\" data-created_by=\"avia_inline_auto\" id=\"style-css-av-807no-6db6ce2645815256d45674f8417e6f9e\">\n#top .flex_column.av-807no-6db6ce2645815256d45674f8417e6f9e{\nmargin-top:0px;\nmargin-bottom:0px;\n}\n.flex_column.av-807no-6db6ce2645815256d45674f8417e6f9e{\nborder-radius:0px 0px 0px 0px;\npadding:0px 0px 50px 0px;\n}\n.responsive #top #wrap_all .flex_column.av-807no-6db6ce2645815256d45674f8417e6f9e{\nmargin-top:0px;\nmargin-bottom:0px;\n}\n<\/style>\n<div  class='flex_column av-807no-6db6ce2645815256d45674f8417e6f9e av_one_full  avia-builder-el-8  el_after_av_section  avia-builder-el-no-sibling  first flex_column_div  '     ><div  class='avia-button-wrap av-k38r46yn-77f25b73b48be3d95e184375074ff5eb-wrap avia-button-left  avia-builder-el-9  avia-builder-el-no-sibling '><a href='https:\/\/osg-excello.com\/unternehmen-2\/news\/'  class='avia-button av-k38r46yn-77f25b73b48be3d95e184375074ff5eb av-link-btn avia-icon_select-yes-left-icon avia-size-medium avia-position-left avia-color-theme-color'   aria-label=\"Vissza\"><span class='avia_button_icon avia_button_icon_left avia-iconfont avia-font-entypo-fontello' data-av_icon='\ue830' data-av_iconfont='entypo-fontello' ><\/span><span class='avia_iconbox_title' >Vissza<\/span><\/a><\/div><\/div><\/p>\n","protected":false},"excerpt":{"rendered":"<p>Az OSG EX-CELL-O szersz\u00e1mgy\u00e1rt\u00e1shoz egy \u00faj CNC fel\u00fclet- \u00e9s profilcsiszol\u00f3 g\u00e9pet \u00e1ll\u00edtottunk \u00fczembe. Intenz\u00edv tervez\u00e9si f\u00e1zist k\u00f6vet\u0151en 2018-ban egy \u00faj CNC-k\u00f6sz\u00f6r\u0171g\u00e9pbe fektett\u00fcnk be, hogy b\u0151v\u00edts\u00fck kapacit\u00e1sunkat \u00e9s rugalmass\u00e1gunkat a nagyobb g\u00f6rd\u00fcl\u0151 szersz\u00e1mok nagy pontoss\u00e1g\u00fa szersz\u00e1mk\u00f6sz\u00f6r\u00fcl\u00e9s\u00e9ben. R\u00f6vid \u00fczembe helyez\u00e9si f\u00e1zis ut\u00e1n a g\u00e9p \u00e1tment a rendk\u00edv\u00fcl szigor\u00fa min\u0151s\u00e9gellen\u0151rz\u00e9sen, majd k\u00f6zvetlen\u00fcl a gy\u00e1rt\u00e1sba ker\u00fclt. <\/p>\n","protected":false},"author":1,"featured_media":2606,"comment_status":"closed","ping_status":"closed","sticky":false,"template":"","format":"standard","meta":{"footnotes":""},"categories":[80],"tags":[],"class_list":["post-2623","post","type-post","status-publish","format-standard","has-post-thumbnail","hentry","category-2019-hu"],"yoast_head":"<!-- This site is optimized with the Yoast SEO plugin v27.2 - https:\/\/yoast.com\/product\/yoast-seo-wordpress\/ -->\n<title>\u00daj professzion\u00e1lis csiszol\u00f3g\u00e9p b\u0151v\u00edti kapacit\u00e1sunkat - OSG Ex-Cell-O<\/title>\n<meta name=\"robots\" content=\"index, follow, max-snippet:-1, max-image-preview:large, max-video-preview:-1\" \/>\n<link rel=\"canonical\" href=\"https:\/\/osg-excello.com\/hu\/neue-profischleifmaschine-erweitert-unsere-kapazitaet\/\" \/>\n<meta property=\"og:locale\" content=\"hu_HU\" \/>\n<meta property=\"og:type\" content=\"article\" \/>\n<meta property=\"og:title\" content=\"\u00daj professzion\u00e1lis csiszol\u00f3g\u00e9p b\u0151v\u00edti kapacit\u00e1sunkat - OSG Ex-Cell-O\" \/>\n<meta property=\"og:description\" content=\"Az OSG EX-CELL-O szersz\u00e1mgy\u00e1rt\u00e1shoz egy \u00faj CNC fel\u00fclet- \u00e9s profilcsiszol\u00f3 g\u00e9pet \u00e1ll\u00edtottunk \u00fczembe. Intenz\u00edv tervez\u00e9si f\u00e1zist k\u00f6vet\u0151en 2018-ban egy \u00faj CNC-k\u00f6sz\u00f6r\u0171g\u00e9pbe fektett\u00fcnk be, hogy b\u0151v\u00edts\u00fck kapacit\u00e1sunkat \u00e9s rugalmass\u00e1gunkat a nagyobb g\u00f6rd\u00fcl\u0151 szersz\u00e1mok nagy pontoss\u00e1g\u00fa szersz\u00e1mk\u00f6sz\u00f6r\u00fcl\u00e9s\u00e9ben. R\u00f6vid \u00fczembe helyez\u00e9si f\u00e1zis ut\u00e1n a g\u00e9p \u00e1tment a rendk\u00edv\u00fcl szigor\u00fa min\u0151s\u00e9gellen\u0151rz\u00e9sen, majd k\u00f6zvetlen\u00fcl a gy\u00e1rt\u00e1sba ker\u00fclt.\" \/>\n<meta property=\"og:url\" content=\"https:\/\/osg-excello.com\/hu\/neue-profischleifmaschine-erweitert-unsere-kapazitaet\/\" \/>\n<meta property=\"og:site_name\" content=\"OSG Ex-Cell-O\" \/>\n<meta property=\"article:published_time\" content=\"2019-11-01T14:06:26+00:00\" \/>\n<meta property=\"article:modified_time\" content=\"2021-05-18T08:20:51+00:00\" \/>\n<meta property=\"og:image\" content=\"https:\/\/osg-excello.com\/wp-content\/uploads\/2019\/11\/news_profilschleifmaschine.jpg\" \/>\n\t<meta property=\"og:image:width\" content=\"1280\" \/>\n\t<meta property=\"og:image:height\" content=\"960\" \/>\n\t<meta property=\"og:image:type\" content=\"image\/jpeg\" \/>\n<meta name=\"author\" content=\"mockos\" \/>\n<meta name=\"twitter:card\" content=\"summary_large_image\" \/>\n<meta name=\"twitter:label1\" content=\"Szerz\u0151:\" \/>\n\t<meta name=\"twitter:data1\" content=\"mockos\" \/>\n\t<meta name=\"twitter:label2\" content=\"Becs\u00fclt olvas\u00e1si id\u0151\" \/>\n\t<meta name=\"twitter:data2\" content=\"5 perc\" \/>\n<script type=\"application\/ld+json\" class=\"yoast-schema-graph\">{\"@context\":\"https:\/\/schema.org\",\"@graph\":[{\"@type\":\"Article\",\"@id\":\"https:\/\/osg-excello.com\/hu\/neue-profischleifmaschine-erweitert-unsere-kapazitaet\/#article\",\"isPartOf\":{\"@id\":\"https:\/\/osg-excello.com\/hu\/neue-profischleifmaschine-erweitert-unsere-kapazitaet\/\"},\"author\":{\"name\":\"mockos\",\"@id\":\"https:\/\/osg-excello.com\/hu\/#\/schema\/person\/091afa6dd352f5ab9de39ef4974c650d\"},\"headline\":\"\u00daj professzion\u00e1lis csiszol\u00f3g\u00e9p b\u0151v\u00edti kapacit\u00e1sunkat\",\"datePublished\":\"2019-11-01T14:06:26+00:00\",\"dateModified\":\"2021-05-18T08:20:51+00:00\",\"mainEntityOfPage\":{\"@id\":\"https:\/\/osg-excello.com\/hu\/neue-profischleifmaschine-erweitert-unsere-kapazitaet\/\"},\"wordCount\":1026,\"publisher\":{\"@id\":\"https:\/\/osg-excello.com\/hu\/#organization\"},\"image\":{\"@id\":\"https:\/\/osg-excello.com\/hu\/neue-profischleifmaschine-erweitert-unsere-kapazitaet\/#primaryimage\"},\"thumbnailUrl\":\"https:\/\/osg-excello.com\/wp-content\/uploads\/2019\/11\/news_profilschleifmaschine.jpg\",\"articleSection\":[\"2019\"],\"inLanguage\":\"hu\"},{\"@type\":\"WebPage\",\"@id\":\"https:\/\/osg-excello.com\/hu\/neue-profischleifmaschine-erweitert-unsere-kapazitaet\/\",\"url\":\"https:\/\/osg-excello.com\/hu\/neue-profischleifmaschine-erweitert-unsere-kapazitaet\/\",\"name\":\"\u00daj professzion\u00e1lis csiszol\u00f3g\u00e9p b\u0151v\u00edti kapacit\u00e1sunkat - OSG Ex-Cell-O\",\"isPartOf\":{\"@id\":\"https:\/\/osg-excello.com\/hu\/#website\"},\"primaryImageOfPage\":{\"@id\":\"https:\/\/osg-excello.com\/hu\/neue-profischleifmaschine-erweitert-unsere-kapazitaet\/#primaryimage\"},\"image\":{\"@id\":\"https:\/\/osg-excello.com\/hu\/neue-profischleifmaschine-erweitert-unsere-kapazitaet\/#primaryimage\"},\"thumbnailUrl\":\"https:\/\/osg-excello.com\/wp-content\/uploads\/2019\/11\/news_profilschleifmaschine.jpg\",\"datePublished\":\"2019-11-01T14:06:26+00:00\",\"dateModified\":\"2021-05-18T08:20:51+00:00\",\"breadcrumb\":{\"@id\":\"https:\/\/osg-excello.com\/hu\/neue-profischleifmaschine-erweitert-unsere-kapazitaet\/#breadcrumb\"},\"inLanguage\":\"hu\",\"potentialAction\":[{\"@type\":\"ReadAction\",\"target\":[\"https:\/\/osg-excello.com\/hu\/neue-profischleifmaschine-erweitert-unsere-kapazitaet\/\"]}]},{\"@type\":\"ImageObject\",\"inLanguage\":\"hu\",\"@id\":\"https:\/\/osg-excello.com\/hu\/neue-profischleifmaschine-erweitert-unsere-kapazitaet\/#primaryimage\",\"url\":\"https:\/\/osg-excello.com\/wp-content\/uploads\/2019\/11\/news_profilschleifmaschine.jpg\",\"contentUrl\":\"https:\/\/osg-excello.com\/wp-content\/uploads\/2019\/11\/news_profilschleifmaschine.jpg\",\"width\":1280,\"height\":960,\"caption\":\"Profilschleifmaschine\"},{\"@type\":\"BreadcrumbList\",\"@id\":\"https:\/\/osg-excello.com\/hu\/neue-profischleifmaschine-erweitert-unsere-kapazitaet\/#breadcrumb\",\"itemListElement\":[{\"@type\":\"ListItem\",\"position\":1,\"name\":\"Startseite\",\"item\":\"https:\/\/osg-excello.com\/hu\/\"},{\"@type\":\"ListItem\",\"position\":2,\"name\":\"\u00daj professzion\u00e1lis csiszol\u00f3g\u00e9p b\u0151v\u00edti kapacit\u00e1sunkat\"}]},{\"@type\":\"WebSite\",\"@id\":\"https:\/\/osg-excello.com\/hu\/#website\",\"url\":\"https:\/\/osg-excello.com\/hu\/\",\"name\":\"OSG Ex-Cell-O\",\"description\":\"\",\"publisher\":{\"@id\":\"https:\/\/osg-excello.com\/hu\/#organization\"},\"potentialAction\":[{\"@type\":\"SearchAction\",\"target\":{\"@type\":\"EntryPoint\",\"urlTemplate\":\"https:\/\/osg-excello.com\/hu\/?s={search_term_string}\"},\"query-input\":{\"@type\":\"PropertyValueSpecification\",\"valueRequired\":true,\"valueName\":\"search_term_string\"}}],\"inLanguage\":\"hu\"},{\"@type\":\"Organization\",\"@id\":\"https:\/\/osg-excello.com\/hu\/#organization\",\"name\":\"OSG Ex-Cell-O GmbH\",\"url\":\"https:\/\/osg-excello.com\/hu\/\",\"logo\":{\"@type\":\"ImageObject\",\"inLanguage\":\"hu\",\"@id\":\"https:\/\/osg-excello.com\/hu\/#\/schema\/logo\/image\/\",\"url\":\"https:\/\/osg-excello.com\/wp-content\/uploads\/2019\/11\/osg_excello_logo_final-2.png\",\"contentUrl\":\"https:\/\/osg-excello.com\/wp-content\/uploads\/2019\/11\/osg_excello_logo_final-2.png\",\"width\":514,\"height\":236,\"caption\":\"OSG Ex-Cell-O GmbH\"},\"image\":{\"@id\":\"https:\/\/osg-excello.com\/hu\/#\/schema\/logo\/image\/\"}},{\"@type\":\"Person\",\"@id\":\"https:\/\/osg-excello.com\/hu\/#\/schema\/person\/091afa6dd352f5ab9de39ef4974c650d\",\"name\":\"mockos\",\"image\":{\"@type\":\"ImageObject\",\"inLanguage\":\"hu\",\"@id\":\"https:\/\/secure.gravatar.com\/avatar\/c9c8dd87c22be93ad22f4e54ba8e6767b095e45f9fc4d03514bea067cddbc3cd?s=96&d=mm&r=g\",\"url\":\"https:\/\/secure.gravatar.com\/avatar\/c9c8dd87c22be93ad22f4e54ba8e6767b095e45f9fc4d03514bea067cddbc3cd?s=96&d=mm&r=g\",\"contentUrl\":\"https:\/\/secure.gravatar.com\/avatar\/c9c8dd87c22be93ad22f4e54ba8e6767b095e45f9fc4d03514bea067cddbc3cd?s=96&d=mm&r=g\",\"caption\":\"mockos\"},\"url\":\"https:\/\/osg-excello.com\/hu\/author\/mockos\/\"}]}<\/script>\n<!-- \/ Yoast SEO plugin. -->","yoast_head_json":{"title":"\u00daj professzion\u00e1lis csiszol\u00f3g\u00e9p b\u0151v\u00edti kapacit\u00e1sunkat - OSG Ex-Cell-O","robots":{"index":"index","follow":"follow","max-snippet":"max-snippet:-1","max-image-preview":"max-image-preview:large","max-video-preview":"max-video-preview:-1"},"canonical":"https:\/\/osg-excello.com\/hu\/neue-profischleifmaschine-erweitert-unsere-kapazitaet\/","og_locale":"hu_HU","og_type":"article","og_title":"\u00daj professzion\u00e1lis csiszol\u00f3g\u00e9p b\u0151v\u00edti kapacit\u00e1sunkat - OSG Ex-Cell-O","og_description":"Az OSG EX-CELL-O szersz\u00e1mgy\u00e1rt\u00e1shoz egy \u00faj CNC fel\u00fclet- \u00e9s profilcsiszol\u00f3 g\u00e9pet \u00e1ll\u00edtottunk \u00fczembe. Intenz\u00edv tervez\u00e9si f\u00e1zist k\u00f6vet\u0151en 2018-ban egy \u00faj CNC-k\u00f6sz\u00f6r\u0171g\u00e9pbe fektett\u00fcnk be, hogy b\u0151v\u00edts\u00fck kapacit\u00e1sunkat \u00e9s rugalmass\u00e1gunkat a nagyobb g\u00f6rd\u00fcl\u0151 szersz\u00e1mok nagy pontoss\u00e1g\u00fa szersz\u00e1mk\u00f6sz\u00f6r\u00fcl\u00e9s\u00e9ben. R\u00f6vid \u00fczembe helyez\u00e9si f\u00e1zis ut\u00e1n a g\u00e9p \u00e1tment a rendk\u00edv\u00fcl szigor\u00fa min\u0151s\u00e9gellen\u0151rz\u00e9sen, majd k\u00f6zvetlen\u00fcl a gy\u00e1rt\u00e1sba ker\u00fclt.","og_url":"https:\/\/osg-excello.com\/hu\/neue-profischleifmaschine-erweitert-unsere-kapazitaet\/","og_site_name":"OSG Ex-Cell-O","article_published_time":"2019-11-01T14:06:26+00:00","article_modified_time":"2021-05-18T08:20:51+00:00","og_image":[{"width":1280,"height":960,"url":"https:\/\/osg-excello.com\/wp-content\/uploads\/2019\/11\/news_profilschleifmaschine.jpg","type":"image\/jpeg"}],"author":"mockos","twitter_card":"summary_large_image","twitter_misc":{"Szerz\u0151:":"mockos","Becs\u00fclt olvas\u00e1si id\u0151":"5 perc"},"schema":{"@context":"https:\/\/schema.org","@graph":[{"@type":"Article","@id":"https:\/\/osg-excello.com\/hu\/neue-profischleifmaschine-erweitert-unsere-kapazitaet\/#article","isPartOf":{"@id":"https:\/\/osg-excello.com\/hu\/neue-profischleifmaschine-erweitert-unsere-kapazitaet\/"},"author":{"name":"mockos","@id":"https:\/\/osg-excello.com\/hu\/#\/schema\/person\/091afa6dd352f5ab9de39ef4974c650d"},"headline":"\u00daj professzion\u00e1lis csiszol\u00f3g\u00e9p b\u0151v\u00edti kapacit\u00e1sunkat","datePublished":"2019-11-01T14:06:26+00:00","dateModified":"2021-05-18T08:20:51+00:00","mainEntityOfPage":{"@id":"https:\/\/osg-excello.com\/hu\/neue-profischleifmaschine-erweitert-unsere-kapazitaet\/"},"wordCount":1026,"publisher":{"@id":"https:\/\/osg-excello.com\/hu\/#organization"},"image":{"@id":"https:\/\/osg-excello.com\/hu\/neue-profischleifmaschine-erweitert-unsere-kapazitaet\/#primaryimage"},"thumbnailUrl":"https:\/\/osg-excello.com\/wp-content\/uploads\/2019\/11\/news_profilschleifmaschine.jpg","articleSection":["2019"],"inLanguage":"hu"},{"@type":"WebPage","@id":"https:\/\/osg-excello.com\/hu\/neue-profischleifmaschine-erweitert-unsere-kapazitaet\/","url":"https:\/\/osg-excello.com\/hu\/neue-profischleifmaschine-erweitert-unsere-kapazitaet\/","name":"\u00daj professzion\u00e1lis csiszol\u00f3g\u00e9p b\u0151v\u00edti kapacit\u00e1sunkat - OSG Ex-Cell-O","isPartOf":{"@id":"https:\/\/osg-excello.com\/hu\/#website"},"primaryImageOfPage":{"@id":"https:\/\/osg-excello.com\/hu\/neue-profischleifmaschine-erweitert-unsere-kapazitaet\/#primaryimage"},"image":{"@id":"https:\/\/osg-excello.com\/hu\/neue-profischleifmaschine-erweitert-unsere-kapazitaet\/#primaryimage"},"thumbnailUrl":"https:\/\/osg-excello.com\/wp-content\/uploads\/2019\/11\/news_profilschleifmaschine.jpg","datePublished":"2019-11-01T14:06:26+00:00","dateModified":"2021-05-18T08:20:51+00:00","breadcrumb":{"@id":"https:\/\/osg-excello.com\/hu\/neue-profischleifmaschine-erweitert-unsere-kapazitaet\/#breadcrumb"},"inLanguage":"hu","potentialAction":[{"@type":"ReadAction","target":["https:\/\/osg-excello.com\/hu\/neue-profischleifmaschine-erweitert-unsere-kapazitaet\/"]}]},{"@type":"ImageObject","inLanguage":"hu","@id":"https:\/\/osg-excello.com\/hu\/neue-profischleifmaschine-erweitert-unsere-kapazitaet\/#primaryimage","url":"https:\/\/osg-excello.com\/wp-content\/uploads\/2019\/11\/news_profilschleifmaschine.jpg","contentUrl":"https:\/\/osg-excello.com\/wp-content\/uploads\/2019\/11\/news_profilschleifmaschine.jpg","width":1280,"height":960,"caption":"Profilschleifmaschine"},{"@type":"BreadcrumbList","@id":"https:\/\/osg-excello.com\/hu\/neue-profischleifmaschine-erweitert-unsere-kapazitaet\/#breadcrumb","itemListElement":[{"@type":"ListItem","position":1,"name":"Startseite","item":"https:\/\/osg-excello.com\/hu\/"},{"@type":"ListItem","position":2,"name":"\u00daj professzion\u00e1lis csiszol\u00f3g\u00e9p b\u0151v\u00edti kapacit\u00e1sunkat"}]},{"@type":"WebSite","@id":"https:\/\/osg-excello.com\/hu\/#website","url":"https:\/\/osg-excello.com\/hu\/","name":"OSG Ex-Cell-O","description":"","publisher":{"@id":"https:\/\/osg-excello.com\/hu\/#organization"},"potentialAction":[{"@type":"SearchAction","target":{"@type":"EntryPoint","urlTemplate":"https:\/\/osg-excello.com\/hu\/?s={search_term_string}"},"query-input":{"@type":"PropertyValueSpecification","valueRequired":true,"valueName":"search_term_string"}}],"inLanguage":"hu"},{"@type":"Organization","@id":"https:\/\/osg-excello.com\/hu\/#organization","name":"OSG Ex-Cell-O GmbH","url":"https:\/\/osg-excello.com\/hu\/","logo":{"@type":"ImageObject","inLanguage":"hu","@id":"https:\/\/osg-excello.com\/hu\/#\/schema\/logo\/image\/","url":"https:\/\/osg-excello.com\/wp-content\/uploads\/2019\/11\/osg_excello_logo_final-2.png","contentUrl":"https:\/\/osg-excello.com\/wp-content\/uploads\/2019\/11\/osg_excello_logo_final-2.png","width":514,"height":236,"caption":"OSG Ex-Cell-O GmbH"},"image":{"@id":"https:\/\/osg-excello.com\/hu\/#\/schema\/logo\/image\/"}},{"@type":"Person","@id":"https:\/\/osg-excello.com\/hu\/#\/schema\/person\/091afa6dd352f5ab9de39ef4974c650d","name":"mockos","image":{"@type":"ImageObject","inLanguage":"hu","@id":"https:\/\/secure.gravatar.com\/avatar\/c9c8dd87c22be93ad22f4e54ba8e6767b095e45f9fc4d03514bea067cddbc3cd?s=96&d=mm&r=g","url":"https:\/\/secure.gravatar.com\/avatar\/c9c8dd87c22be93ad22f4e54ba8e6767b095e45f9fc4d03514bea067cddbc3cd?s=96&d=mm&r=g","contentUrl":"https:\/\/secure.gravatar.com\/avatar\/c9c8dd87c22be93ad22f4e54ba8e6767b095e45f9fc4d03514bea067cddbc3cd?s=96&d=mm&r=g","caption":"mockos"},"url":"https:\/\/osg-excello.com\/hu\/author\/mockos\/"}]}},"_links":{"self":[{"href":"https:\/\/osg-excello.com\/hu\/wp-json\/wp\/v2\/posts\/2623","targetHints":{"allow":["GET"]}}],"collection":[{"href":"https:\/\/osg-excello.com\/hu\/wp-json\/wp\/v2\/posts"}],"about":[{"href":"https:\/\/osg-excello.com\/hu\/wp-json\/wp\/v2\/types\/post"}],"author":[{"embeddable":true,"href":"https:\/\/osg-excello.com\/hu\/wp-json\/wp\/v2\/users\/1"}],"replies":[{"embeddable":true,"href":"https:\/\/osg-excello.com\/hu\/wp-json\/wp\/v2\/comments?post=2623"}],"version-history":[{"count":7,"href":"https:\/\/osg-excello.com\/hu\/wp-json\/wp\/v2\/posts\/2623\/revisions"}],"predecessor-version":[{"id":3397,"href":"https:\/\/osg-excello.com\/hu\/wp-json\/wp\/v2\/posts\/2623\/revisions\/3397"}],"wp:featuredmedia":[{"embeddable":true,"href":"https:\/\/osg-excello.com\/hu\/wp-json\/wp\/v2\/media\/2606"}],"wp:attachment":[{"href":"https:\/\/osg-excello.com\/hu\/wp-json\/wp\/v2\/media?parent=2623"}],"wp:term":[{"taxonomy":"category","embeddable":true,"href":"https:\/\/osg-excello.com\/hu\/wp-json\/wp\/v2\/categories?post=2623"},{"taxonomy":"post_tag","embeddable":true,"href":"https:\/\/osg-excello.com\/hu\/wp-json\/wp\/v2\/tags?post=2623"}],"curies":[{"name":"wp","href":"https:\/\/api.w.org\/{rel}","templated":true}]}}